{"id":301597,"date":"2024-09-26T14:27:32","date_gmt":"2024-09-26T13:27:32","guid":{"rendered":"https:\/\/higear.hemsida.eu\/veckis\/2024\/09\/26\/vi-testar-lh-cosmetics-adventskalender-2024-ar-den-vard-ett-kop\/"},"modified":"2024-09-26T14:27:32","modified_gmt":"2024-09-26T13:27:32","slug":"vi-testar-lh-cosmetics-adventskalender-2024-ar-den-vard-ett-kop","status":"publish","type":"post","link":"https:\/\/higear.hemsida.eu\/veckis\/smink-skonhet\/vi-testar-lh-cosmetics-adventskalender-2024-ar-den-vard-ett-kop\/","title":{"rendered":"Vi testar LH Cosmetics adventskalender 2024 \u2013 \u00e4r den v\u00e4rd ett k\u00f6p?"},"content":{"rendered":"\n<figure class=\"wp-block-image size-large\"><img decoding=\"async\" src=\"https:\/\/veckorevyn.com\/wp-content\/uploads\/2019\/07\/koplankar-1024x37-1-1024x37.jpg\" alt=\"koplankar 1024x37 1\" class=\"wp-image-219382\"\/><\/figure>\n\n\n\n<p><em>Artikeln inneh\u00e5ller spoilers om \u00e5rets adventskalender fr\u00e5n LH Cosmetics!<\/em><\/p>\n\n\n\n<p>I flera \u00e5r har <a href=\"https:\/\/veckorevyn.com\/nyheter\/lh-cosmetics-har-salt-giftigt-smink-i-flera-ar-trots-varningar-fran-myndighet\/\" target=\"_blank\" rel=\"noreferrer noopener\">LH Cosmetics<\/a> levererat gener\u00f6sa <a href=\"https:\/\/veckorevyn.com\/tag\/adventskalender\/\" target=\"_blank\" rel=\"noreferrer noopener\">adventskalendrar<\/a> \u2013 och nu \u00e4r det \u00e4ntligen dags igen. I \u00e5r har beautym\u00e4rket satsat p\u00e5 en \u00e4nnu st\u00f6rre kalender \u00e4n tidigare och vi har tagit reda p\u00e5 om den verkligen h\u00e5ller vad den lovar!<\/p>\n\n\n\n<h2 class=\"wp-block-heading\">S\u00e5 bra \u00e4r julkalendern fr\u00e5n LH Cosmetics<\/h2>\n\n\n\n<p><a href=\"https:\/\/veckorevyn.com\/smink-skonhet\/arets-basta-adventskalendrar-9-favoriter-med-smink-och-hudvard\/\" target=\"_blank\" rel=\"noreferrer noopener\">Adventskalendern<\/a> \u00e4r en riktig dr\u00f6m f\u00f6r alla beautylovers, d\u00e5 den \u00e4r fullproppad med flera b\u00e4sts\u00e4ljare fr\u00e5n LH Cosmetics. Vi hittar bland annat deras &#8221;Creator palette&#8221; som har nio skuggor i matta, metalliska och skimrande nyanser. N\u00e5gra andra favoriter i kalendern \u00e4r det v\u00e5rdande l\u00e4ppglanset &#8221;Gloil plus&#8221;, flera nyanser av l\u00e4ppennan &#8221;Crayon&#8221;, lysterkr\u00e4men &#8221;Shaping light&#8221; och s\u00e5klart den mycket ber\u00f6mda puderpuffen. <\/p>\n\n\n\n<p>\u00c5rets upplaga har en lite annorlunda struktur, d\u00e4r du ist\u00e4llet f\u00f6r 24 luckor f\u00e5r fyra kit med produkter till varje advent. Dessa kit g\u00e5r \u00e4ven att k\u00f6pa separat, om du inte vill l\u00e4gga en f\u00f6rm\u00f6genhet p\u00e5 hela kalendern. F\u00f6r om vi ska vara \u00e4rliga \u2013 den \u00e4r v\u00e4ldigt dyr. I adventskalendern f\u00e5r du dock 29 produkter i full size till ett v\u00e4rde p\u00e5 n\u00e4stan 9 000 kronor, s\u00e5 om man j\u00e4mf\u00f6r produkterna med priset k\u00e4nns det \u00e4nd\u00e5 rimligt. Produkterna kommer dessutom i en limited-edition necess\u00e4r. <\/p>\n\n\n\n<p><a href=\"https:\/\/do.lhcosmetics.com\/t\/t?a=1727117729&amp;as=1299146554&amp;t=2&amp;tk=1&amp;url=https:\/\/lhcosmetics.com\/sv\/collections\/holiday-calendar-kits-2024\/products\/holiday-calendar-2024\" target=\"_blank\" data-type=\"URL\" data-id=\"https:\/\/do.lhcosmetics.com\/t\/t?a=1727117729&amp;as=1299146554&amp;t=2&amp;tk=1&amp;url=https:\/\/lhcosmetics.com\/sv\/collections\/holiday-calendar-kits-2024\/products\/holiday-calendar-2024\" rel=\"noreferrer noopener\">H\u00e4r kan du l\u00e4sa mer om produkten (k\u00f6pl\u00e4nk till LH Cosmetics).<\/a> <\/p>\n\n\n\n<figure class=\"wp-block-image size-full\"><img decoding=\"async\" src=\"https:\/\/veckorevyn.com\/wp-content\/uploads\/2024\/09\/lh.jpg\" alt=\"lh cosmetics adventskalender 2024\" class=\"wp-image-301625\"\/><\/figure>\n\n\n\n<p>Om du \u00e4lskar sminkprodukterna fr\u00e5n LH Cosmetics kommer du inte bli missn\u00f6jd med adventskalenderns inneh\u00e5ll. F\u00f6rutom priset blir det enda minuset att det inte \u00e4r n\u00e5gra nya eller limited edition-produkter i kalendern. Om du vill unna dig ordentligt i december finns det inga tvivel p\u00e5 att den h\u00e4r \u00e4r ett s\u00e4kert kort! <\/p>\n\n\n\n<h2 class=\"wp-block-heading\">Vad inneh\u00e5ller LH Cosmetics adventskalender?<\/h2>\n\n\n\n<ul class=\"wp-block-list\"><li>5 produkter f\u00f6r bas<\/li><li>8 produkter f\u00f6r l\u00e4ppar<\/li><li>10 produkter f\u00f6r \u00f6gon<\/li><li>6 borstar eller verktyg<\/li><\/ul>\n\n\n\n<h2 class=\"wp-block-heading\">Vad kostar den?<\/h2>\n\n\n\n<p>Hela adventskalendern kostar 3 595 kronor, men har ett v\u00e4rde p\u00e5 8 876 kronor. <a href=\"https:\/\/do.lhcosmetics.com\/t\/t?a=1727117729&amp;as=1299146554&amp;t=2&amp;tk=1&amp;url=https:\/\/lhcosmetics.com\/sv\/collections\/holiday-calendar-kits-2024\/products\/holiday-calendar-2024\" target=\"_blank\" data-type=\"URL\" data-id=\"https:\/\/do.lhcosmetics.com\/t\/t?a=1727117729&amp;as=1299146554&amp;t=2&amp;tk=1&amp;url=https:\/\/lhcosmetics.com\/sv\/collections\/holiday-calendar-kits-2024\/products\/holiday-calendar-2024\" rel=\"noreferrer noopener\">H\u00e4r kan du k\u00f6pa den (k\u00f6pl\u00e4nk till LH Cosmetics).<\/a> <\/p>\n","protected":false},"excerpt":{"rendered":"<p>LH Cosmetics adventskalender 2024 finns \u00e4ntligen att klicka hem. Vi har \u00f6ppnat alla luckor f\u00f6r att ta reda p\u00e5 hur bra den egentligen \u00e4r!<\/p>\n","protected":false},"author":1,"featured_media":301626,"comment_status":"closed","ping_status":"closed","sticky":false,"template":"","format":"standard","meta":{"footnotes":""},"categories":[16],"tags":[14,15],"class_list":["post-301597","post","type-post","status-publish","format-standard","has-post-thumbnail","hentry","category-smink-skonhet","tag-adventskalender","tag-shopping","generate-columns","tablet-grid-50","mobile-grid-100","grid-parent","grid-50"],"_links":{"self":[{"href":"https:\/\/higear.hemsida.eu\/veckis\/wp-json\/wp\/v2\/posts\/301597","targetHints":{"allow":["GET"]}}],"collection":[{"href":"https:\/\/higear.hemsida.eu\/veckis\/wp-json\/wp\/v2\/posts"}],"about":[{"href":"https:\/\/higear.hemsida.eu\/veckis\/wp-json\/wp\/v2\/types\/post"}],"author":[{"embeddable":true,"href":"https:\/\/higear.hemsida.eu\/veckis\/wp-json\/wp\/v2\/users\/1"}],"replies":[{"embeddable":true,"href":"https:\/\/higear.hemsida.eu\/veckis\/wp-json\/wp\/v2\/comments?post=301597"}],"version-history":[{"count":0,"href":"https:\/\/higear.hemsida.eu\/veckis\/wp-json\/wp\/v2\/posts\/301597\/revisions"}],"wp:featuredmedia":[{"embeddable":true,"href":"https:\/\/higear.hemsida.eu\/veckis\/wp-json\/"}],"wp:attachment":[{"href":"https:\/\/higear.hemsida.eu\/veckis\/wp-json\/wp\/v2\/media?parent=301597"}],"wp:term":[{"taxonomy":"category","embeddable":true,"href":"https:\/\/higear.hemsida.eu\/veckis\/wp-json\/wp\/v2\/categories?post=301597"},{"taxonomy":"post_tag","embeddable":true,"href":"https:\/\/higear.hemsida.eu\/veckis\/wp-json\/wp\/v2\/tags?post=301597"}],"curies":[{"name":"wp","href":"https:\/\/api.w.org\/{rel}","templated":true}]}}