{"id":302726,"date":"2024-11-03T06:42:00","date_gmt":"2024-11-03T05:42:00","guid":{"rendered":"https:\/\/veckorevyn.com\/?p=302726"},"modified":"2024-12-09T14:53:20","modified_gmt":"2024-12-09T14:53:20","slug":"dagens-horoskop-3-november-2024","status":"publish","type":"post","link":"https:\/\/higear.hemsida.eu\/veckis\/dagens-horoskop\/dagens-horoskop-3-november-2024\/","title":{"rendered":"Dagens horoskop: 3 november 2024"},"content":{"rendered":"\n<p><\/p>\n\n\n\n<figure class=\"wp-block-image size-large\"><img decoding=\"async\" src=\"https:\/\/veckorevyn.com\/wp-content\/uploads\/2024\/03\/vaduren-1024x640.jpg\" alt=\"Dagens horoskop f\u00f6r v\u00e4duren\" class=\"wp-image-297867\"\/><\/figure>\n\n\n\n<h4 class=\"wp-block-heading\"><a href=\"https:\/\/veckorevyn.com\/horoskop\/vaduren-stjarntecken\/\" target=\"_blank\" rel=\"noreferrer noopener\">V\u00e4duren, 21\/3-19\/4<\/a><\/h4>\n\n\n\n<p>Var \u00f6ppen f\u00f6r nya erfarenheter och \u00e4ventyr. Spontana beslut kan leda till ov\u00e4ntade och positiva resultat. Ta chansen att uppt\u00e4cka n\u00e5got nytt!<\/p>\n\n\n\n<p><em>Klicka p\u00e5 pilen f\u00f6r att komma till n\u00e4sta stj\u00e4rntecken!<\/em><\/p>\n\n\n\n<!--nextpage-->\n\n\n\n<figure class=\"wp-block-image size-large\"><img decoding=\"async\" src=\"https:\/\/veckorevyn.com\/wp-content\/uploads\/2023\/10\/oxen-2-1024x640.jpg\" alt=\"Dagens horoskop f\u00f6r oxen\" class=\"wp-image-292347\"\/><\/figure>\n\n\n\n<h4 class=\"wp-block-heading\"><a href=\"https:\/\/veckorevyn.com\/horoskop\/stjarntecken-oxen\/\" target=\"_blank\" rel=\"noreferrer noopener\">Oxen, 20\/4-20\/5<\/a><\/h4>\n\n\n\n<p>Anv\u00e4nd dagen till att planera f\u00f6r veckan som kommer. S\u00e4tt upp nya m\u00e5l och reflektera \u00f6ver framstegen fr\u00e5n den g\u00e5ngna veckan.<\/p>\n\n\n\n<p><em>Klicka p\u00e5 pilen f\u00f6r att komma till n\u00e4sta stj\u00e4rntecken!<\/em><\/p>\n\n\n\n<!--nextpage-->\n\n\n\n<figure class=\"wp-block-image size-large\"><img decoding=\"async\" src=\"https:\/\/veckorevyn.com\/wp-content\/uploads\/2023\/10\/tvillingarna-1-1024x640.jpg\" alt=\"Dagens horoskop f\u00f6r tvillingarna\" class=\"wp-image-292348\"\/><\/figure>\n\n\n\n<h4 class=\"wp-block-heading\"><a href=\"https:\/\/veckorevyn.com\/horoskop\/tvillingen-stjarntecken\/\" target=\"_blank\" rel=\"noreferrer noopener\">Tvillingarna, 21\/5-21\/6<\/a><\/h4>\n\n\n\n<p>Reflektera \u00f6ver veckan som har g\u00e5tt. S\u00e4tt upp nya m\u00e5l och planera f\u00f6r vad du vill \u00e5stadkomma kommande vecka. Att ha en klar riktning ger dig motivation och fokus.<\/p>\n\n\n\n<p><em>Klicka p\u00e5 pilen f\u00f6r att komma till n\u00e4sta stj\u00e4rntecken!<\/em><\/p>\n\n\n\n<!--nextpage-->\n\n\n\n<figure class=\"wp-block-image size-full\"><img decoding=\"async\" src=\"https:\/\/veckorevyn.com\/wp-content\/uploads\/2024\/06\/kraft.jpg\" alt=\"Dagens horoskop f\u00f6r kr\u00e4ftan\" class=\"wp-image-300014\"\/><\/figure>\n\n\n\n<h4 class=\"wp-block-heading\"><a href=\"https:\/\/veckorevyn.com\/horoskop\/kraftan-stjarntecken\/\" target=\"_blank\" rel=\"noreferrer noopener\">Kr\u00e4ftan, 22\/6-22\/7<\/a><\/h4>\n\n\n\n<p>Reflektera \u00f6ver veckan och s\u00e4tt nya intentioner. Anv\u00e4nd denna tid f\u00f6r att t\u00e4nka igenom vad som har fungerat bra och vad du vill fokusera p\u00e5 fram\u00f6ver.<\/p>\n\n\n\n<p><em>Klicka p\u00e5 pilen f\u00f6r att komma till n\u00e4sta stj\u00e4rntecken!<\/em><\/p>\n\n\n\n<!--nextpage-->\n\n\n\n<figure class=\"wp-block-image size-large\"><img decoding=\"async\" src=\"https:\/\/veckorevyn.com\/wp-content\/uploads\/2023\/10\/lejonet-1024x640.jpg\" alt=\"Dagens horoskop f\u00f6r lejonet\" class=\"wp-image-292350\"\/><\/figure>\n\n\n\n<h4 class=\"wp-block-heading\"><a href=\"https:\/\/veckorevyn.com\/horoskop\/lejonet-stjarntecken\/\" target=\"_blank\" rel=\"noreferrer noopener\">Lejonet, 23\/7-23\/8<\/a><\/h4>\n\n\n\n<p>Hur har veckan varit f\u00f6r dig? Reflektera \u00f6ver veckan som har g\u00e5tt. Ta tid f\u00f6r att t\u00e4nka p\u00e5 dina framsteg och s\u00e4tta upp nya m\u00e5l f\u00f6r den kommande veckan. <\/p>\n\n\n\n<p><em>Klicka p\u00e5 pilen f\u00f6r att komma till n\u00e4sta stj\u00e4rntecken!<\/em><\/p>\n\n\n\n<!--nextpage-->\n\n\n\n<figure class=\"wp-block-image size-large\"><img decoding=\"async\" src=\"https:\/\/veckorevyn.com\/wp-content\/uploads\/2023\/10\/jungfrun-1-1024x640.jpg\" alt=\"Dagens horoskop f\u00f6r jungfrun\" class=\"wp-image-292351\"\/><\/figure>\n\n\n\n<h4 class=\"wp-block-heading\"><a href=\"https:\/\/veckorevyn.com\/horoskop\/jungfrun-stjarntecken\/\" target=\"_blank\" rel=\"noreferrer noopener\">Jungfrun, 24\/8-22\/9<\/a><\/h4>\n\n\n\n<p>Anv\u00e4nd dagen f\u00f6r att planera kommande vecka. S\u00e4tt upp realistiska m\u00e5l och reflektera \u00f6ver veckan som g\u00e5tt f\u00f6r att f\u00f6rbereda dig mentalt. <\/p>\n\n\n\n<p><em>Klicka p\u00e5 pilen f\u00f6r att komma till n\u00e4sta stj\u00e4rntecken!<\/em><\/p>\n\n\n\n<!--nextpage-->\n\n\n\n<figure class=\"wp-block-image size-large\"><img decoding=\"async\" src=\"https:\/\/veckorevyn.com\/wp-content\/uploads\/2024\/03\/vagen-1024x640.jpg\" alt=\"Dagens horoskop f\u00f6r v\u00e5gen\" class=\"wp-image-297869\"\/><\/figure>\n\n\n\n<h4 class=\"wp-block-heading\"><a href=\"https:\/\/veckorevyn.com\/horoskop\/vagen-stjarntecken\/\" target=\"_blank\" rel=\"noreferrer noopener\">V\u00e5gen, 23\/9-22\/10<\/a><\/h4>\n\n\n\n<p>S\u00f6k inre lugn genom att ta en promenad i naturen eller \u00e4gna tid \u00e5t meditation. Att koppla av och reflektera kan ge dig ny energi och perspektiv inf\u00f6r den kommande veckan.<\/p>\n\n\n\n<p><em>Klicka p\u00e5 pilen f\u00f6r att komma till n\u00e4sta stj\u00e4rntecken!<\/em><\/p>\n\n\n\n<!--nextpage-->\n\n\n\n<figure class=\"wp-block-image size-large\"><img decoding=\"async\" src=\"https:\/\/veckorevyn.com\/wp-content\/uploads\/2023\/10\/skorpionen-1-1024x640.jpg\" alt=\"Dagens horoskop f\u00f6r skorpionen\" class=\"wp-image-292353\"\/><\/figure>\n\n\n\n<h4 class=\"wp-block-heading\"><a href=\"https:\/\/veckorevyn.com\/horoskop\/skorpionen-stjarntecken\/\" target=\"_blank\" rel=\"noreferrer noopener\">Skorpionen, 23\/10-21\/11<\/a><\/h4>\n\n\n\n<p>Reflektera \u00f6ver veckan som har g\u00e5tt. T\u00e4nk p\u00e5 vad du har l\u00e4rt dig och s\u00e4tt upp m\u00e5l f\u00f6r den kommande veckan f\u00f6r att forts\u00e4tta p\u00e5 din v\u00e4g mot framg\u00e5ng.<\/p>\n\n\n\n<p><em>Klicka p\u00e5 pilen f\u00f6r att komma till n\u00e4sta stj\u00e4rntecken!<\/em><\/p>\n\n\n\n<!--nextpage-->\n\n\n\n<figure class=\"wp-block-image size-large\"><img decoding=\"async\" src=\"https:\/\/veckorevyn.com\/wp-content\/uploads\/2023\/10\/skytten-1-1024x640.jpg\" alt=\"Dagens horoskop f\u00f6r skytten\" class=\"wp-image-292354\"\/><\/figure>\n\n\n\n<h4 class=\"wp-block-heading\"><a href=\"https:\/\/veckorevyn.com\/horoskop\/skytten-stjarntecken\/\" target=\"_blank\" rel=\"noreferrer noopener\">Skytten, 22\/11-21\/12<\/a><\/h4>\n\n\n\n<p>Avsluta veckan med att reflektera \u00f6ver vad du har l\u00e4rt dig. Ta tillf\u00e4llet i akt att vara tacksam och f\u00f6rbered dig mentalt f\u00f6r en ny vecka med optimistiska m\u00e5l.<\/p>\n\n\n\n<p><em>Klicka p\u00e5 pilen f\u00f6r att komma till n\u00e4sta stj\u00e4rntecken!<\/em><\/p>\n\n\n\n<!--nextpage-->\n\n\n\n<figure class=\"wp-block-image size-large is-resized\"><img loading=\"lazy\" decoding=\"async\" src=\"https:\/\/veckorevyn.com\/wp-content\/uploads\/2023\/10\/stenbocken-1-1024x640.jpg\" alt=\"Dagens horoskop f\u00f6r stenbocken\" class=\"wp-image-292355\" width=\"840\" height=\"525\"\/><\/figure>\n\n\n\n<h4 class=\"wp-block-heading\"><a href=\"https:\/\/veckorevyn.com\/horoskop\/stenbocken-stjarntecken\/\" target=\"_blank\" rel=\"noreferrer noopener\">Stenbocken, 22\/12-19\/1<\/a><\/h4>\n\n\n\n<p>Reflektera \u00f6ver veckan som g\u00e5tt och vad du vill uppn\u00e5 fram\u00f6ver. S\u00e4tt upp konkreta m\u00e5l f\u00f6r att forts\u00e4tta din utveckling.<\/p>\n\n\n\n<p><em>Klicka p\u00e5 pilen f\u00f6r att komma till n\u00e4sta stj\u00e4rntecken!<\/em><\/p>\n\n\n\n<!--nextpage-->\n\n\n\n<figure class=\"wp-block-image size-large\"><img decoding=\"async\" src=\"https:\/\/veckorevyn.com\/wp-content\/uploads\/2023\/10\/vattumannen-1-1024x640.jpg\" alt=\"Dagens horoskop f\u00f6r vattumannen\" class=\"wp-image-292356\"\/><\/figure>\n\n\n\n<h4 class=\"wp-block-heading\"><a href=\"https:\/\/veckorevyn.com\/horoskop\/vattumannen-stjarntecken\/\" target=\"_blank\" rel=\"noreferrer noopener\">Vattumannen, 20\/1-18\/2<\/a><\/h4>\n\n\n\n<p>Reflektera \u00f6ver veckan och skriv ner dina tankar. Kanske dags att b\u00f6rja en dagbok om du inte redan har en? Planera f\u00f6r n\u00e4sta vecka och s\u00e4tt upp m\u00e5l som ger dig en k\u00e4nsla av riktning och syfte.<\/p>\n\n\n\n<p><em>Klicka p\u00e5 pilen f\u00f6r att komma till n\u00e4sta stj\u00e4rntecken!<\/em><\/p>\n\n\n\n<!--nextpage-->\n\n\n\n<figure class=\"wp-block-image size-large\"><img decoding=\"async\" src=\"https:\/\/veckorevyn.com\/wp-content\/uploads\/2023\/10\/fiskarna-2-1024x640.jpg\" alt=\"Dagens horoskop f\u00f6r fiskarna\" class=\"wp-image-292357\"\/><\/figure>\n\n\n\n<h4 class=\"wp-block-heading\"><a href=\"https:\/\/veckorevyn.com\/horoskop\/fiskarna-stjarntecken\/\" target=\"_blank\" rel=\"noreferrer noopener\">Fiskarna, 19\/2-20\/3<\/a><\/h4>\n\n\n\n<p>Anv\u00e4nd dagen f\u00f6r reflektion och planering. T\u00e4nk igenom dina m\u00e5l och ambitioner f\u00f6r den kommande veckan och s\u00e4tt upp en klar strategi f\u00f6r att n\u00e5 dem.<\/p>\n","protected":false},"excerpt":{"rendered":"<p>Hur blir veckans sista dag f\u00f6r dig? Dagens horoskop \u00e4r h\u00e4r! <\/p>\n","protected":false},"author":1,"featured_media":302954,"comment_status":"closed","ping_status":"closed","sticky":false,"template":"","format":"standard","meta":{"footnotes":""},"categories":[7],"tags":[],"class_list":["post-302726","post","type-post","status-publish","format-standard","has-post-thumbnail","hentry","category-dagens-horoskop","generate-columns","tablet-grid-50","mobile-grid-100","grid-parent","grid-50"],"_links":{"self":[{"href":"https:\/\/higear.hemsida.eu\/veckis\/wp-json\/wp\/v2\/posts\/302726","targetHints":{"allow":["GET"]}}],"collection":[{"href":"https:\/\/higear.hemsida.eu\/veckis\/wp-json\/wp\/v2\/posts"}],"about":[{"href":"https:\/\/higear.hemsida.eu\/veckis\/wp-json\/wp\/v2\/types\/post"}],"author":[{"embeddable":true,"href":"https:\/\/higear.hemsida.eu\/veckis\/wp-json\/wp\/v2\/users\/1"}],"replies":[{"embeddable":true,"href":"https:\/\/higear.hemsida.eu\/veckis\/wp-json\/wp\/v2\/comments?post=302726"}],"version-history":[{"count":1,"href":"https:\/\/higear.hemsida.eu\/veckis\/wp-json\/wp\/v2\/posts\/302726\/revisions"}],"predecessor-version":[{"id":312176,"href":"https:\/\/higear.hemsida.eu\/veckis\/wp-json\/wp\/v2\/posts\/302726\/revisions\/312176"}],"wp:featuredmedia":[{"embeddable":true,"href":"https:\/\/higear.hemsida.eu\/veckis\/wp-json\/wp\/v2\/media\/302954"}],"wp:attachment":[{"href":"https:\/\/higear.hemsida.eu\/veckis\/wp-json\/wp\/v2\/media?parent=302726"}],"wp:term":[{"taxonomy":"category","embeddable":true,"href":"https:\/\/higear.hemsida.eu\/veckis\/wp-json\/wp\/v2\/categories?post=302726"},{"taxonomy":"post_tag","embeddable":true,"href":"https:\/\/higear.hemsida.eu\/veckis\/wp-json\/wp\/v2\/tags?post=302726"}],"curies":[{"name":"wp","href":"https:\/\/api.w.org\/{rel}","templated":true}]}}