{"id":302983,"date":"2024-11-05T11:51:59","date_gmt":"2024-11-05T10:51:59","guid":{"rendered":"https:\/\/veckorevyn.com\/?p=302983"},"modified":"2025-01-16T07:01:26","modified_gmt":"2025-01-16T07:01:26","slug":"bianca-ingrosso-blev-attackerad-pa-gatan-polisanmaler-kvinnan","status":"publish","type":"post","link":"https:\/\/higear.hemsida.eu\/veckis\/nyheter\/bianca-ingrosso-blev-attackerad-pa-gatan-polisanmaler-kvinnan\/","title":{"rendered":"Bianca Ingrosso blev attackerad p\u00e5 gatan \u2013 polisanm\u00e4ler kvinnan"},"content":{"rendered":"\n<p><strong>Bianca Ingrosso<\/strong> ber\u00e4ttar p\u00e5 Instagram hur hon den 4 november blev attackerad av en kvinna p\u00e5 gatan. Kvinnan ska ha g\u00e5tt fram till henne och slagit henne i huvudet. <\/p>\n\n\n\n<p>&#8221;Att helt obefogat och oprovocerat g\u00e5 fram och sm\u00e4lla n\u00e5gon i huvudet mitt p\u00e5 ljusa dagen \u00e4r f\u00f6r mig helt sinnessjukt beteende&#8221;, skriver Bianca Ingrosso i en story p\u00e5 Instagram samma kv\u00e4ll. <\/p>\n\n\n\n<p>I storyn riktar hon sig \u00e4ven direkt till kvinnan och skriver:<\/p>\n\n\n\n<p>\u201dHur kan man vara en s\u00e5n liten person? Usch, jag sk\u00e4ms f\u00f6r din skull\u201d.<\/p>\n\n\n\n<figure class=\"wp-block-image size-large\"><img loading=\"lazy\" decoding=\"async\" width=\"640\" height=\"1024\" src=\"https:\/\/higear.hemsida.eu\/veckis\/wp-content\/uploads\/2024\/11\/bianca-1-640x1024.jpg\" alt=\"\" class=\"wp-image-302984\" srcset=\"https:\/\/higear.hemsida.eu\/veckis\/wp-content\/uploads\/2024\/11\/bianca-1-640x1024.jpg 640w, https:\/\/higear.hemsida.eu\/veckis\/wp-content\/uploads\/2024\/11\/bianca-1-188x300.jpg 188w, https:\/\/higear.hemsida.eu\/veckis\/wp-content\/uploads\/2024\/11\/bianca-1-768x1229.jpg 768w, https:\/\/higear.hemsida.eu\/veckis\/wp-content\/uploads\/2024\/11\/bianca-1.jpg 800w\" sizes=\"auto, (max-width: 640px) 100vw, 640px\" \/><figcaption>Bildk\u00e4lla: Bianca Ingrosso p\u00e5 Instagram<\/figcaption><\/figure>\n\n\n\n<h2 class=\"wp-block-heading\">Polisanm\u00e4lt kvinnan f\u00f6r attacken<\/h2>\n\n\n\n<p>Dagen efter, den 5 november, uttrycker Bianca Ingrosso k\u00e4rlek till alla f\u00f6ljare som har visat henne st\u00f6d. Hon meddelar \u00e4ven att kvinnan \u00e4r polisanm\u00e4ld. <\/p>\n\n\n\n<p>\u201dTack f\u00f6r all k\u00e4rlek som sv\u00e4mmar \u00f6ver min Instagram efter h\u00e4ndelsen i g\u00e5r. Vet inte vad jag gjort f\u00f6r att f\u00f6rtj\u00e4na alla er och att ni tar er tiden att skriva s\u00e5 sn\u00e4llt till mig. Det v\u00e4rmer lilla Bianca inombords mer \u00e4n ni f\u00f6rst\u00e5r. Kvinnan \u00e4r sj\u00e4lvklart anm\u00e4ld\u201d, skriver hon i en ny story p\u00e5 Instagram. <\/p>\n\n\n\n<figure class=\"wp-block-image size-large\"><img loading=\"lazy\" decoding=\"async\" width=\"640\" height=\"1024\" src=\"https:\/\/higear.hemsida.eu\/veckis\/wp-content\/uploads\/2024\/11\/bianca2-640x1024.jpg\" alt=\"\" class=\"wp-image-302985\" srcset=\"https:\/\/higear.hemsida.eu\/veckis\/wp-content\/uploads\/2024\/11\/bianca2-640x1024.jpg 640w, https:\/\/higear.hemsida.eu\/veckis\/wp-content\/uploads\/2024\/11\/bianca2-188x300.jpg 188w, https:\/\/higear.hemsida.eu\/veckis\/wp-content\/uploads\/2024\/11\/bianca2-768x1229.jpg 768w, https:\/\/higear.hemsida.eu\/veckis\/wp-content\/uploads\/2024\/11\/bianca2.jpg 800w\" sizes=\"auto, (max-width: 640px) 100vw, 640px\" \/><figcaption>Bildk\u00e4lla: Bianca Ingrosso p\u00e5 Instagram<\/figcaption><\/figure>\n","protected":false},"excerpt":{"rendered":"<p>Influencern och entrepren\u00f6ren Bianca Ingrosso ska ha blivit slagen mitt p\u00e5 ljusa dagen. Nu polisanm\u00e4ler hon h\u00e4ndelsen. <\/p>\n","protected":false},"author":1,"featured_media":312773,"comment_status":"closed","ping_status":"closed","sticky":false,"template":"","format":"standard","meta":{"footnotes":""},"categories":[8],"tags":[30,19],"class_list":["post-302983","post","type-post","status-publish","format-standard","has-post-thumbnail","hentry","category-nyheter","tag-bianca-ingrosso","tag-justnu","generate-columns","tablet-grid-50","mobile-grid-100","grid-parent","grid-50"],"_links":{"self":[{"href":"https:\/\/higear.hemsida.eu\/veckis\/wp-json\/wp\/v2\/posts\/302983","targetHints":{"allow":["GET"]}}],"collection":[{"href":"https:\/\/higear.hemsida.eu\/veckis\/wp-json\/wp\/v2\/posts"}],"about":[{"href":"https:\/\/higear.hemsida.eu\/veckis\/wp-json\/wp\/v2\/types\/post"}],"author":[{"embeddable":true,"href":"https:\/\/higear.hemsida.eu\/veckis\/wp-json\/wp\/v2\/users\/1"}],"replies":[{"embeddable":true,"href":"https:\/\/higear.hemsida.eu\/veckis\/wp-json\/wp\/v2\/comments?post=302983"}],"version-history":[{"count":1,"href":"https:\/\/higear.hemsida.eu\/veckis\/wp-json\/wp\/v2\/posts\/302983\/revisions"}],"predecessor-version":[{"id":312166,"href":"https:\/\/higear.hemsida.eu\/veckis\/wp-json\/wp\/v2\/posts\/302983\/revisions\/312166"}],"wp:featuredmedia":[{"embeddable":true,"href":"https:\/\/higear.hemsida.eu\/veckis\/wp-json\/wp\/v2\/media\/312773"}],"wp:attachment":[{"href":"https:\/\/higear.hemsida.eu\/veckis\/wp-json\/wp\/v2\/media?parent=302983"}],"wp:term":[{"taxonomy":"category","embeddable":true,"href":"https:\/\/higear.hemsida.eu\/veckis\/wp-json\/wp\/v2\/categories?post=302983"},{"taxonomy":"post_tag","embeddable":true,"href":"https:\/\/higear.hemsida.eu\/veckis\/wp-json\/wp\/v2\/tags?post=302983"}],"curies":[{"name":"wp","href":"https:\/\/api.w.org\/{rel}","templated":true}]}}